{"id":3932,"date":"2026-07-09T09:51:00","date_gmt":"2026-07-09T07:51:00","guid":{"rendered":"https:\/\/pazsalvadordental.es\/antibiotics-i-salut-dental-simptomes-efectes-i-com-protegir-les-teves-dents\/"},"modified":"2026-07-09T09:51:00","modified_gmt":"2026-07-09T07:51:00","slug":"antibiotics-i-salut-dental-simptomes-efectes-i-com-protegir-les-teves-dents","status":"publish","type":"post","link":"https:\/\/pazsalvadordental.es\/ca\/antibiotics-i-salut-dental-simptomes-efectes-i-com-protegir-les-teves-dents\/","title":{"rendered":"Antibi\u00f2tics i salut dental: s\u00edmptomes, efectes i com protegir les teves dents"},"content":{"rendered":"<h2>Introducci\u00f3<\/h2>\n<p><strong>Antibi\u00f2tics i salut dental: s\u00edmptomes, efectes i com protegir les teves dents<\/strong> \u00e9s un tema que preocupa tant pacients com a professionals. Els antibi\u00f2tics han salvat milions de vides, per\u00f2 el seu \u00fas no est\u00e0 exempt d&#8217;efectes secundaris que poden impactar la salut oral. En aquest article t&#8217;explico, amb un llenguatge proper i professional, quins s\u00edmptomes poden apar\u00e8ixer <em>despr\u00e9s de prendre antibi\u00f2tics<\/em>, com identificar problemes relacionats amb <strong>antibi\u00f2tic per a infecci\u00f3 bucal<\/strong> o l&#8217;\u00fas general d&#8217;<strong>antibi\u00f2tic dental<\/strong>, i quines mesures pr\u00e0ctiques pots prendre per protegir les teves dents i genives.<\/p>\n<h2>Per qu\u00e8 els antibi\u00f2tics afecten la boca?<\/h2>\n<p>Els antibi\u00f2tics actuen sobre bacteris: el seu objectiu \u00e9s eliminar o inhibir microorganismes pat\u00f2gens. Tanmateix, la cavitat oral alberga una microbiota complexa i equilibrada la qual alteraci\u00f3 pot provocar desequilibris (disbiosi). Quan s&#8217;alterar\u00e0 aquesta microbiota, poden sorgir:<\/p>\n<ul>\n<li><strong>Candidiasi oral:<\/strong> proliferaci\u00f3 de fongs com <em>Candida<\/em>.<\/li>\n<li><strong>Sensibilitat dental:<\/strong> canvis en l&#8217;esmalt o en la percepci\u00f3 nerviosa.<\/li>\n<li><strong>Sequedat bucal (xerostomia):<\/strong> menys saliva, m\u00e9s risc de c\u00e0ries i mal al\u00e8.<\/li>\n<li><strong>Taques dentals:<\/strong> en casos concrets (per exemple, tetraciclines en nens).<\/li>\n<\/ul>\n<p>A m\u00e9s, certs <strong>medicaments que destrueixen les dents<\/strong> o afecten la seva aparen\u00e7a o estructura poden incloure alguns antibi\u00f2tics en contexts espec\u00edfics (p. ex., tetraciclines administrades en \u00e8poques de desenvolupament dental).<\/p>\n<h2>Principals s\u00edmptomes despr\u00e9s de prendre antibi\u00f2tics<\/h2>\n<p>Identificar els s\u00edmptomes \u00e9s clau per actuar amb rapidesa. No tots els pacients experimenten efectes, per\u00f2 els m\u00e9s freq\u00fcents s\u00f3n:<\/p>\n<ul>\n<li><strong>Sabor met\u00e0l\u00b7lic o alteraci\u00f3 del gust:<\/strong> sensaci\u00f3 persistent que pot durar dies o setmanes despr\u00e9s de finalitzar el tractament.<\/li>\n<li><strong>Sequedat bucal:<\/strong> sensaci\u00f3 de boca seca que afavoreix la c\u00e0ries i les infeccions.<\/li>\n<li><strong>Dolor o sensibilitat dental:<\/strong> pot relacionar-se amb canvis en la microbiota o inflamaci\u00f3 gingival.<\/li>\n<li><strong>Aparici\u00f3 de plaques blanques o lesions:<\/strong> indicatives de candidiasi (muguet) o altres infeccions oportunistes.<\/li>\n<li><strong>Taques o decoloraci\u00f3 en dents en desenvolupament:<\/strong> t\u00edpicament associades a tetraciclines administrades durant la formaci\u00f3 dental.<\/li>\n<\/ul>\n<h3>Exemples pr\u00e0ctics<\/h3>\n<ul>\n<li>Paciente A (adult): despr\u00e9s de 10 dies d&#8217;antibi\u00f2tic per una sinusitis, nota boca seca i lesions blanques. Diagn\u00f2stic: candidiasi secund\u00e0ria per desequilibri bacteri\u00e0.<\/li>\n<li>Paciente B (nen): tractament amb tetraciclines als primers anys de vida va resultar en una tinci\u00f3 groga\/grisa als incisius permanents.<\/li>\n<\/ul>\n<h2>Antibi\u00f2tics que poden afectar la salut dental<\/h2>\n<p>No tots els antibi\u00f2tics tenen el mateix efecte. Entre els m\u00e9s esmentats en la literatura i en cl\u00ednica estan:<\/p>\n<ul>\n<li><strong>Tetraciclines:<\/strong> associats a tinci\u00f3 dental en dents en desenvolupament. Evitables en embarassades i nens petits.<\/li>\n<li><strong>Clindamicina i macr\u00f2lids:<\/strong> poden predisposar a alteracions de la flora i sobrecreixement f\u00fangic.<\/li>\n<li><strong>Aminogluc\u00f2sids i altres antibi\u00f2tics sist\u00e8mics:<\/strong> potencials efectes indirectes sobre la cavitat per canvis en la microbiota o efectes sist\u00e8mics que afecten les mucoses.<\/li>\n<\/ul>\n<p>En odontologia, l&#8217;\u00fas d&#8217;<strong>antibi\u00f2tic dental<\/strong> sovint est\u00e0 molt mesurat: es recepta per infeccions agudes, abscessos o en prevenci\u00f3 en pacients immunodeprimits. Mai es recomana l&#8217;\u00fas indiscriminat per risc de resist\u00e8ncia i efectes secundaris.<\/p>\n<h2>Qu\u00e8 passa al cos i com influeix a la boca?<\/h2>\n<p>Els <strong>efectes dels antibi\u00f2tics al cos<\/strong> inclouen alteraci\u00f3 de la microbiota intestinal i oral, resposta immunit\u00e0ria temporalment modulada i, en alguns casos, efectes directes sobre la mineralitzaci\u00f3 o la pigmentaci\u00f3 dental. La saliva, com a barrera natural, pot reduir-se i amb aix\u00f2 la protecci\u00f3 contra c\u00e0ries i pat\u00f2gens.<\/p>\n<h3>Mecanismes resumits<\/h3>\n<ol>\n<li><strong>Eliminaci\u00f3 de bacteris protectors:<\/strong> permet el sobrecreixement de fongs o bacteris resistents.<\/li>\n<li><strong>Inflamaci\u00f3 i sensibilitat:<\/strong> canvis en l&#8217;ecosistema bucal poden augmentar la inflamaci\u00f3 gingival o la sensibilitat dentin\u00e0ria.<\/li>\n<li><strong>Efectes directes sobre l&#8217;esmalt (en casos concrets):<\/strong> alteraci\u00f3 de la coloraci\u00f3 en dents en formaci\u00f3.<\/li>\n<\/ol>\n<h2>Com protegir les teves dents abans, durant i despr\u00e9s de prendre antibi\u00f2tics<\/h2>\n<p>Prevenir \u00e9s sempre la millor estrat\u00e8gia. Aqu\u00ed tens un pla pr\u00e0ctic, dividit en fases, per minimitzar riscos:<\/p>\n<h3>Abans d&#8217;iniciar el tractament<\/h3>\n<ul>\n<li><strong>Consulta amb el teu dentista o metge:<\/strong> si existeix una infecci\u00f3 oral, el professional decidir\u00e0 l&#8217;antibi\u00f2tic adequat i la durada.<\/li>\n<li><strong>Revisa historial m\u00e8dic:<\/strong> informa&#8217;ls sobre al\u00b7l\u00e8rgies o medicaments previs.<\/li>\n<li><strong>Si ets nen o embarassada:<\/strong> evita antibi\u00f2tics contraindicats (per exemple, tetraciclines durant la gestaci\u00f3 o a la inf\u00e0ncia primerenca).<\/li>\n<\/ul>\n<h3>Durant el tractament<\/h3>\n<ul>\n<li><strong>Mant\u00e9n una higiene oral rigorosa:<\/strong> raspallat almenys dues vegades al dia amb una pasta fluorada i \u00fas de fil dental.<\/li>\n<li><strong>Hidrataci\u00f3 i est\u00edmul salival:<\/strong> beu aigua sovint i, si cal, utilitza xiclets sense sucre per estimular la saliva.<\/li>\n<li><strong>Control de fongs:<\/strong> si apareix ardor, plaques blanques o mal sabor persistent, acudeix al dentista per avaluar risc de candidiasi.<\/li>\n<\/ul>\n<h3>Despr\u00e9s del tractament<\/h3>\n<ul>\n<li><strong>Revisi\u00f3:<\/strong> una visita de control amb el teu dentista pot identificar qualsevol efecte secundari (sensibilitat, canvis en genives, lesions).<\/li>\n<li><strong>Restauraci\u00f3 de microbiota:<\/strong> algunes proves i recomanacions poden incloure probi\u00f2tics orals o ajustos en la dieta, sempre amb supervisi\u00f3 professional.<\/li>\n<li><strong>Protecci\u00f3 cont\u00ednua:<\/strong> refor\u00e7a la higiene i valora tractaments preventius com aplicacions de fluor o segelladors en casos de risc elevat.<\/li>\n<\/ul>\n<h2>Consells pr\u00e0ctics i rutines recomanades<\/h2>\n<p>A continuaci\u00f3 tens una llista clara i aplicable que pots incorporar des d&#8217;avui:<\/p>\n<ul>\n<li><strong>Rutina 1 &#8212; Llar:<\/strong>\n<ul>\n<li>Raspalla amb pasta fluorada durant 2 minuts cada mat\u00ed i nit.<\/li>\n<li>Fes servir fil dental una vegada al dia.<\/li>\n<li>Evita enjuagues amb alcohol si notes sequedat; millor aigua salina o clorhexidina nom\u00e9s si ho indica el teu dentista.<\/li>\n<\/ul>\n<\/li>\n<li><strong>Rutina 2 &#8212; Dieta:<\/strong>\n<ul>\n<li>Limita sucres i snacks entre \u00e0pats.<\/li>\n<li>Inclou aliments rics en calci i vitamina D per afavorir la salut dental.<\/li>\n<\/ul>\n<\/li>\n<li><strong>Rutina 3 &#8212; Control professional:<\/strong>\n<ul>\n<li>Fes una revisi\u00f3 dental despr\u00e9s de finalitzar l&#8217;antibi\u00f2tic si vas tenir s\u00edmptomes orals.<\/li>\n<li>Consulta sobre productes espec\u00edfics (col\u00b7lutoris, pastes desensibilitzants).<\/li>\n<\/ul>\n<\/li>\n<\/ul>\n<h3>Exemple pr\u00e0ctic de protocol per a un adult<\/h3>\n<p>Maria, 45 anys, va rebre un antibi\u00f2tic per una infecci\u00f3 respirat\u00f2ria. Al tercer dia va notar sabor met\u00e0l\u00b7lic i sequedat. Seguint aquest protocol: va augmentar la hidrataci\u00f3, va mastegar xiclet sense sucre i va visitar el seu dentista per a una revisi\u00f3. Es van aplicar mesures t\u00f2piques i, despr\u00e9s de 10 dies, els s\u00edmptomes van remetre. Resultat: intervenci\u00f3 primerenca i prevenci\u00f3 de complicacions.<\/p>\n<h2>Falsos mites i veritats<\/h2>\n<p>Desferrar idees err\u00f2nies ajuda a prendre decisions informades:<\/p>\n<ul>\n<li><strong>Mite:<\/strong> \u00abTots els antibi\u00f2tics tacen les dents.\u00bb <strong>Veritat:<\/strong> Nom\u00e9s certs grups com les tetraciclines tenen risc de tinci\u00f3 en dents en formaci\u00f3.<\/li>\n<li><strong>Mite:<\/strong> \u00abSi em sento b\u00e9, no necessito controlar la meva boca.\u00bb <strong>Veritat:<\/strong> Alguns efectes apareixen despr\u00e9s del tractament; la revisi\u00f3 evita danys.<\/li>\n<li><strong>Mite:<\/strong> \u00abEls antibi\u00f2tics curen les c\u00e0ries.\u00bb <strong>Veritat:<\/strong> No: tracten infeccions, per\u00f2 no substitueixen la intervenci\u00f3 dental per c\u00e0ries o restauracions.<\/li>\n<\/ul>\n<h2>Preguntes freq\u00fcents (FAQ)<\/h2>\n<h3>Puc usar esbandits antis\u00e9ptics mentre prenc antibi\u00f2tics?<\/h3>\n<p>Dep\u00e8n del cas. Alguns col\u00b7lutoris estan indicats per controlar la c\u00e0rrega bacteriana, per\u00f2 han d\u2019usar-se segons prescripci\u00f3 professional per no empitjorar la sequedat ni afavorir resist\u00e8ncies.<\/p>\n<h3>Els antibi\u00f2tics per a infeccions bucals funcionen sense tractament dental?<\/h3>\n<p>En algunes urg\u00e8ncies alleugen la infecci\u00f3 sist\u00e8mica, per\u00f2 si la causa \u00e9s un absces dentari o una endod\u00f2ncia inaccessible, far\u00e0 falta tractament odontol\u00f2gic definitiu. Per aix\u00f2 <strong>antibi\u00f2tic per a infecci\u00f3 bucal<\/strong> sol ser complementari, no substitutiu.<\/p>\n<h3>Qu\u00e8 faig si el meu fill necessita antibi\u00f2tic?<\/h3>\n<p>Consulta sempre amb pediatre i dentista. Evita medicacions contraindicades per la seva edat i monitoritza l\u2019aparici\u00f3 de taques a les dents definitives.<\/p>\n<h2>Senyalitzacions d\u2019alarma: quan acudir al dentista o al metge<\/h2>\n<p>Si experimentes algun dels seg\u00fcents signes, busca atenci\u00f3 professional:<\/p>\n<ul>\n<li>Febre persistent o augment del dolor.<\/li>\n<li>Lesions blanquinoses que no desapareixen amb higiene.<\/li>\n<li>Inflor facial o supuraci\u00f3.<\/li>\n<li>Canvis en la coloraci\u00f3 dental apreciables en nens.<\/li>\n<\/ul>\n<h2>Casos cl\u00ednics i aprenentatge<\/h2>\n<figure><figcaption><strong>Caso 1:<\/strong> Pacient amb candidiasi post-antibi\u00f2tic<\/figcaption><p>Es tracta amb esbandits antif\u00fangics i mesures d\u2019higiene. Resultat: remissi\u00f3 en 7\u201310 dies.<\/p>\n<\/figure>\n<figure><figcaption><strong>Caso 2:<\/strong> Nen amb tinci\u00f3 per tetraciclines<\/figcaption><p>Es va optar per tractament est\u00e8tic posterior a creixement dental complet: microabrasi\u00f3 i, si cal, carilles. Prevenci\u00f3: evitar tetraciclines en nens.<\/p>\n<\/figure>\n<h2>Conclusions pr\u00e0ctiques<\/h2>\n<ul>\n<li><strong>Els antibi\u00f2tics salven vides<\/strong> per\u00f2 poden tenir efectes secundaris orals que requereixen atenci\u00f3.<\/li>\n<li><strong>Identificar s\u00edmptomes aviat<\/strong> i seguir mesures d\u2019higiene redueix riscos.<\/li>\n<li><strong>Consulta professional<\/strong> sempre que apareguin signes o si es tracta de nens\/embarassades.<\/li>\n<\/ul>\n<p>Si vols una avaluaci\u00f3 personalitzada o tens dubtes sobre un tractament, t\u2019invito a visitar la nostra <a href=\"https:\/\/pazsalvadordental.es\/ca\/\" title=\"cl\u00ednica dental bragado\">cl\u00ednica dental bragado<\/a> per a una revisi\u00f3 professional i adaptada al teu cas. Una consulta a temps sol evitar intervencions m\u00e9s complexes despr\u00e9s.<\/p>\n<h2>Resum r\u00e0pid (checklist)<\/h2>\n<ul>\n<li>Abans: informa al\u00b7l\u00e8rgies, evita antibi\u00f2tics contraindicats.<\/li>\n<li>Durant: cuida la higiene, hidrata\u2019t, vigila s\u00edmptomes.<\/li>\n<li>Despr\u00e9s: revisa amb el teu dentista, considera probi\u00f2tics i mesures preventives.<\/li>\n<\/ul>\n<h2>Glossari breu<\/h2>\n<ul>\n<li><strong>Disbiosi:<\/strong> desequilibri de la microbiota.<\/li>\n<li><strong>Candidiasi:<\/strong> infecci\u00f3 per fongs del g\u00e8nere <em>Candida<\/em>.<\/li>\n<li><strong>Xerostomia:<\/strong> sequedat bucal.<\/li>\n<\/ul>\n<h2>Lectura final i crida a l\u2019acci\u00f3<\/h2>\n<p>Comprendre els <strong>efectes dels antibi\u00f2tics al cos<\/strong> i, en particular, a la boca et dona poder per actuar. Si notes <em>s\u00edmptomes despr\u00e9s de prendre antibi\u00f2tics<\/em> com els descrits, no ignoris les senyals. Programar una revisi\u00f3 curta pot marcar la difer\u00e8ncia entre un problema reversible i una intervenci\u00f3 major. Si necessites orientaci\u00f3, a la nostra <a href=\"https:\/\/pazsalvadordental.es\/ca\/\" title=\"cl\u00ednica dental bragado\">cl\u00ednica dental bragado<\/a> estem disponibles per avaluar el teu cas amb professionalitat i proximitat.<\/p>\n<p><em>Nota:<\/em> Aquest article ofereix informaci\u00f3 general. No substitueix una avaluaci\u00f3 m\u00e8dica o dental personalitzada. Davant dubtes o emerg\u00e8ncies, consulta amb un professional de la salut.<\/p>\n","protected":false},"excerpt":{"rendered":"<p>Descobreix com els antibi\u00f2tics poden afectar les teves dents, signes a vigilar i mesures urgents per protegir la teva salut bucal. Revisi\u00f3 professional efectiva.<\/p>\n","protected":false},"author":2,"featured_media":3928,"comment_status":"","ping_status":"closed","sticky":false,"template":"","format":"standard","meta":{"_uag_custom_page_level_css":"","_kad_blocks_custom_css":"","_kad_blocks_head_custom_js":"","_kad_blocks_body_custom_js":"","_kad_blocks_footer_custom_js":"","rank_math_title":"Antibi\u00f2tics i salut dental: s\u00edmptomes, efectes i com protegir les teves dents","rank_math_description":"Descobreix com els antibi\u00f2tics poden afectar les teves dents, signes a vigilar i mesures urgents per protegir la teva salut bucal. Revisi\u00f3 professional efectiva.","site-sidebar-layout":"default","site-content-layout":"","ast-site-content-layout":"default","site-content-style":"default","site-sidebar-style":"default","ast-global-header-display":"","ast-banner-title-visibility":"","ast-main-header-display":"","ast-hfb-above-header-display":"","ast-hfb-below-header-display":"","ast-hfb-mobile-header-display":"","site-post-title":"","ast-breadcrumbs-content":"","ast-featured-img":"","footer-sml-layout":"","ast-disable-related-posts":"","theme-transparent-header-meta":"","adv-header-id-meta":"","stick-header-meta":"","header-above-stick-meta":"","header-main-stick-meta":"","header-below-stick-meta":"","astra-migrate-meta-layouts":"default","ast-page-background-enabled":"default","ast-page-background-meta":{"desktop":{"background-color":"","background-image":"","background-repeat":"repeat","background-position":"center center","background-size":"auto","background-attachment":"scroll","background-type":"","background-media":"","overlay-type":"","overlay-color":"","overlay-opacity":"","overlay-gradient":""},"tablet":{"background-color":"","background-image":"","background-repeat":"repeat","background-position":"center center","background-size":"auto","background-attachment":"scroll","background-type":"","background-media":"","overlay-type":"","overlay-color":"","overlay-opacity":"","overlay-gradient":""},"mobile":{"background-color":"","background-image":"","background-repeat":"repeat","background-position":"center center","background-size":"auto","background-attachment":"scroll","background-type":"","background-media":"","overlay-type":"","overlay-color":"","overlay-opacity":"","overlay-gradient":""}},"ast-content-background-meta":{"desktop":{"background-color":"var(--ast-global-color-5)","background-image":"","background-repeat":"repeat","background-position":"center center","background-size":"auto","background-attachment":"scroll","background-type":"","background-media":"","overlay-type":"","overlay-color":"","overlay-opacity":"","overlay-gradient":""},"tablet":{"background-color":"var(--ast-global-color-5)","background-image":"","background-repeat":"repeat","background-position":"center center","background-size":"auto","background-attachment":"scroll","background-type":"","background-media":"","overlay-type":"","overlay-color":"","overlay-opacity":"","overlay-gradient":""},"mobile":{"background-color":"var(--ast-global-color-5)","background-image":"","background-repeat":"repeat","background-position":"center center","background-size":"auto","background-attachment":"scroll","background-type":"","background-media":"","overlay-type":"","overlay-color":"","overlay-opacity":"","overlay-gradient":""}},"_joinchat":[],"footnotes":""},"categories":[12],"tags":[],"class_list":["post-3932","post","type-post","status-publish","format-standard","has-post-thumbnail","hentry","category-blog"],"taxonomy_info":{"category":[{"value":12,"label":"blog"}]},"featured_image_src_large":["https:\/\/pazsalvadordental.es\/wp-content\/uploads\/2026\/08\/antibioticos-y-salud-dental-sintomas-efectos-y-como-proteger-tus-dientes.jpg",712,512,false],"author_info":{"display_name":"Paz","author_link":"https:\/\/pazsalvadordental.es\/ca\/author\/paz\/"},"comment_info":0,"category_info":[{"term_id":12,"name":"blog","slug":"blog","term_group":0,"term_taxonomy_id":12,"taxonomy":"category","description":"","parent":0,"count":167,"filter":"raw","cat_ID":12,"category_count":167,"category_description":"","cat_name":"blog","category_nicename":"blog","category_parent":0}],"tag_info":false,"uagb_featured_image_src":{"full":["https:\/\/pazsalvadordental.es\/wp-content\/uploads\/2026\/08\/antibioticos-y-salud-dental-sintomas-efectos-y-como-proteger-tus-dientes.jpg",712,512,false],"thumbnail":["https:\/\/pazsalvadordental.es\/wp-content\/uploads\/2026\/08\/antibioticos-y-salud-dental-sintomas-efectos-y-como-proteger-tus-dientes-150x150.jpg",150,150,true],"medium":["https:\/\/pazsalvadordental.es\/wp-content\/uploads\/2026\/08\/antibioticos-y-salud-dental-sintomas-efectos-y-como-proteger-tus-dientes-300x216.jpg",300,216,true],"medium_large":["https:\/\/pazsalvadordental.es\/wp-content\/uploads\/2026\/08\/antibioticos-y-salud-dental-sintomas-efectos-y-como-proteger-tus-dientes.jpg",712,512,false],"large":["https:\/\/pazsalvadordental.es\/wp-content\/uploads\/2026\/08\/antibioticos-y-salud-dental-sintomas-efectos-y-como-proteger-tus-dientes.jpg",712,512,false],"1536x1536":["https:\/\/pazsalvadordental.es\/wp-content\/uploads\/2026\/08\/antibioticos-y-salud-dental-sintomas-efectos-y-como-proteger-tus-dientes.jpg",712,512,false],"2048x2048":["https:\/\/pazsalvadordental.es\/wp-content\/uploads\/2026\/08\/antibioticos-y-salud-dental-sintomas-efectos-y-como-proteger-tus-dientes.jpg",712,512,false]},"uagb_author_info":{"display_name":"Paz","author_link":"https:\/\/pazsalvadordental.es\/ca\/author\/paz\/"},"uagb_comment_info":0,"uagb_excerpt":"Descobreix com els antibi\u00f2tics poden afectar les teves dents, signes a vigilar i mesures urgents per protegir la teva salut bucal. Revisi\u00f3 professional efectiva.","_links":{"self":[{"href":"https:\/\/pazsalvadordental.es\/ca\/wp-json\/wp\/v2\/posts\/3932","targetHints":{"allow":["GET"]}}],"collection":[{"href":"https:\/\/pazsalvadordental.es\/ca\/wp-json\/wp\/v2\/posts"}],"about":[{"href":"https:\/\/pazsalvadordental.es\/ca\/wp-json\/wp\/v2\/types\/post"}],"author":[{"embeddable":true,"href":"https:\/\/pazsalvadordental.es\/ca\/wp-json\/wp\/v2\/users\/2"}],"replies":[{"embeddable":true,"href":"https:\/\/pazsalvadordental.es\/ca\/wp-json\/wp\/v2\/comments?post=3932"}],"version-history":[{"count":0,"href":"https:\/\/pazsalvadordental.es\/ca\/wp-json\/wp\/v2\/posts\/3932\/revisions"}],"wp:featuredmedia":[{"embeddable":true,"href":"https:\/\/pazsalvadordental.es\/ca\/wp-json\/wp\/v2\/media\/3928"}],"wp:attachment":[{"href":"https:\/\/pazsalvadordental.es\/ca\/wp-json\/wp\/v2\/media?parent=3932"}],"wp:term":[{"taxonomy":"category","embeddable":true,"href":"https:\/\/pazsalvadordental.es\/ca\/wp-json\/wp\/v2\/categories?post=3932"},{"taxonomy":"post_tag","embeddable":true,"href":"https:\/\/pazsalvadordental.es\/ca\/wp-json\/wp\/v2\/tags?post=3932"}],"curies":[{"name":"wp","href":"https:\/\/api.w.org\/{rel}","templated":true}]}}