{"id":3902,"date":"2026-06-29T18:08:00","date_gmt":"2026-06-29T16:08:00","guid":{"rendered":"https:\/\/pazsalvadordental.es\/dents-definitius-el-cami-cap-a-un-somriure-perfecte-que-fer-si-surten-malament\/"},"modified":"2026-06-29T18:08:00","modified_gmt":"2026-06-29T16:08:00","slug":"dents-definitius-el-cami-cap-a-un-somriure-perfecte-que-fer-si-surten-malament","status":"publish","type":"post","link":"https:\/\/pazsalvadordental.es\/ca\/dents-definitius-el-cami-cap-a-un-somriure-perfecte-que-fer-si-surten-malament\/","title":{"rendered":"Dents definitius: el cam\u00ed cap a un somriure perfecte, qu\u00e8 fer si surten malament"},"content":{"rendered":"<p><strong><em>Dents definitius:<\/em><\/strong> quan la dentici\u00f3 permanent no segueix el pla esperat, l&#8217;experi\u00e8ncia pot ser angoixant per a pares i adults. En aquest article trobar\u00e0s una guia pr\u00e0ctica i completa sobre per qu\u00e8 apareixen <strong>dents definitius<\/strong> que surten malament, com identificar-los, qu\u00e8 fer en les primeres 48 hores i quines solucions existeixen des de la prevenci\u00f3 fins a tractaments avan\u00e7ats. La informaci\u00f3 est\u00e0 organitzada per ser clara i accionable: exemples reals, llistes de passos, i senyals d&#8217;alarma que no has d&#8217;ignorar.<\/p>\n<section aria-label=\"\u00cdndex\" role=\"navigation\">\n<h2>\u00cdndex<\/h2>\n<ul>\n<li><a href=\"#que-son\">Qu\u00e8 s\u00f3n les dents definitius i com erupcionen?<\/a><\/li>\n<li><a href=\"#por-que-salen-mal\">Per qu\u00e8 les dents definitius surten malament: causes comunes<\/a><\/li>\n<li><a href=\"#signos\">Senyals i s\u00edmptomes que has d&#8217;observar<\/a><\/li>\n<li><a href=\"#primera-actuacion\">Primera actuaci\u00f3: qu\u00e8 fer a casa i quan acudir<\/a><\/li>\n<li><a href=\"#diagnostico\">Diagn\u00f2stic professional i proves habituals<\/a><\/li>\n<li><a href=\"#tratamientos\">Opcions de tractament: des de senzilles a complexes<\/a><\/li>\n<li><a href=\"#prevencion\">Prevenci\u00f3 i cura a llarg termini<\/a><\/li>\n<li><a href=\"#ejemplos\">Exemples pr\u00e0ctics i casos reals<\/a><\/li>\n<li><a href=\"#faq\">Preguntes freq\u00fcents<\/a><\/li>\n<li><a href=\"#conclusion\">Conclusi\u00f3 i seg\u00fcent pas<\/a><\/li>\n<\/ul>\n<\/section>\n<section id=\"que-son\">\n<h2>Qu\u00e8 s\u00f3n les dents definitius i com erupcionen?<\/h2>\n<p>Les <strong>dents definitius<\/strong>, tamb\u00e9 anomenats dentici\u00f3 permanent, s\u00f3n les dents que substitueixen les temporals (de llet) i serveixen per a tota la vida. L&#8217;erupci\u00f3 d&#8217;aquestes dents segueix un patr\u00f3 aproximat: primers molars i frontals als 6-8 anys, canins i premolars entre els 9-12 anys, i tercers molars (moles del seny) a l&#8217;adolesc\u00e8ncia tardana o edat adulta jove.<\/p>\n<p><em>Una erupci\u00f3 normal<\/em> \u00e9s progressiva, gaireb\u00e9 sim\u00e8trica entre ambd\u00f3s costats, i ocorre sense dolor prolongat ni despla\u00e7aments importants de peces contig\u00fces. Tanmateix, quan l&#8217;erupci\u00f3 es produeix fora d&#8217;aquest patr\u00f3, parlem de <strong>dents definitius que surten malament<\/strong>.<\/p>\n<\/section>\n<section id=\"por-que-salen-mal\">\n<h2>Per qu\u00e8 les dents definitius surten malament: causes comunes<\/h2>\n<p>Les raons per les quals una pe\u00e7a permanent pot sortir malament s\u00f3n molt variades. A continuaci\u00f3 t&#8217;expliquem les principals causes i com influeixen:<\/p>\n<ul>\n<li><strong>Manca d&#8217;espai a l&#8217;arcada:<\/strong> la causa m\u00e9s freq\u00fcent. Quan la mand\u00edbula o maxil\u00b7lar no tenen suficient longitud, les dents s&#8217;apinyen o emergeixen en angles estranys.<\/li>\n<li><strong>Gen\u00e8tica i her\u00e8ncia:<\/strong> la talla de la mand\u00edbula, la mida dental i la relaci\u00f3 entre ambdues solen heretar-se. Si hi ha antecedents familiars d&#8217;apinyament o altres maloclusions, \u00e9s m\u00e9s probable que passin problemes.<\/li>\n<li><strong>Dents temporals retenides o danyades:<\/strong> si una dent de llet no cau a temps (retenci\u00f3), la dent permanent pot erupcionar per fora, per darrere o quedar impactada.<\/li>\n<li><strong>Supernumeraris o dents extres:<\/strong> la pres\u00e8ncia de peces addicionals altera l&#8217;ordre d&#8217;erupci\u00f3 i genera despla\u00e7aments.<\/li>\n<li><strong>Traumatismes i fractures:<\/strong> cops a la inf\u00e0ncia que afecten les arrels o la papil\u00b7la poden desviar el cam\u00ed d&#8217;erupci\u00f3.<\/li>\n<li><strong>Infeccions i processos patol\u00f2gics:<\/strong> quists, infeccions o lesions poden desviar o impedir l&#8217;erupci\u00f3.<\/li>\n<li><strong>H\u00e0bits orals:<\/strong> succi\u00f3 digital prolongada, \u00fas del xumet m\u00e9s enll\u00e0 del recomanat o respiraci\u00f3 bucal afecten la posici\u00f3 de les dents i desenvolupament de les arcades.<\/li>\n<li><strong>Tercer molar impactat:<\/strong> les moles del seny sovint no tenen espai i causen despla\u00e7aments en peces anteriors.<\/li>\n<\/ul>\n<p>Cada cas requereix avaluaci\u00f3 individual perqu\u00e8 les causes solen combinar-se.<\/p>\n<\/section>\n<section id=\"signos\">\n<h2>Senyals i s\u00edmptomes que has d&#8217;observar<\/h2>\n<p>Si detectes qualsevol d&#8217;aquestes senyals, agenda una revisi\u00f3 dental com m\u00e9s aviat millor:<\/p>\n<ul>\n<li><strong>Desalineaci\u00f3 visible:<\/strong> una dent que apunta cap a dins, cap a fora o est\u00e0 girada.<\/li>\n<li><strong>Dolor persistent o sensibilitat:<\/strong> dolor en mastegar o dolor punxant que no cedeix despr\u00e9s d&#8217;analg\u00e8sics comuns.<\/li>\n<li><strong>Dificultat per tancar la boca:<\/strong> mossegada oberta o sensaci\u00f3 de mossegada canviada.<\/li>\n<li><strong>Lesions a galtes o llengua:<\/strong> dents que freguen i produeixen \u00falceres o irritacions.<\/li>\n<li><strong>Mala est\u00e8tica que afecta l&#8217;autoestima:<\/strong> sobretot en adolescents \u00e9s un motiu determinant per actuar.<\/li>\n<li><strong>Retenci\u00f3 de dents de llet:<\/strong> quan una dent temporal no es mobilitza i la permanent asoma per darrere.<\/li>\n<\/ul>\n<\/section>\n<section id=\"primera-actuacion\">\n<h2>Primera actuaci\u00f3: qu\u00e8 fer a casa i quan acudir<\/h2>\n<p>Els primers passos marquen la difer\u00e8ncia. Segueix aquests <strong>passos immediats<\/strong>:<\/p>\n<ol>\n<li><strong>Calma i observa:<\/strong> avalua si hi ha sagnat abundant, mobilitat extrema o dolor intens. Si existeix sagnat que no cedeix o trauma major, acudeix a urg\u00e8ncies dentals.<\/li>\n<li><strong>Higiene suau:<\/strong> esbandits amb aigua t\u00e8bia i neteja suau al voltant de la dent per evitar infecci\u00f3. Evita for\u00e7ar o tocar excessivament la zona amb instruments casolans.<\/li>\n<li><strong>Analgesia temporal:<\/strong> si hi ha dolor, pots administrar un analg\u00e8sic infantil o per a adults segons indicaci\u00f3 m\u00e8dica; evita aspirina en menors de 16 anys.<\/li>\n<li><strong>Evita manipulacions:<\/strong> no intentis extreure tu mateix la dent de llet reticent ni emp\u00e8nyer la dent permanent. Aix\u00f2 pot provocar m\u00e9s dany.<\/li>\n<li><strong>Consulta amb un dentista en 48-72 hores:<\/strong> l&#8217;avaluaci\u00f3 professional permetr\u00e0 decidir entre observaci\u00f3, intervenci\u00f3 menor o derivaci\u00f3 a ortod\u00f2ncia.<\/li>\n<\/ol>\n<p>Si la situaci\u00f3 sembla estable per\u00f2 preocupant (dent que no encaixa, mol\u00e8sties continuades), no retardis la visita: <a href=\"https:\/\/pazsalvadordental.es\/ca\/\" title=\"dentistes Sant Joan Desp\u00ed\">dentistes Sant Joan Desp\u00ed<\/a> pot oferir una primera valoraci\u00f3 i pla d&#8217;acci\u00f3 personalitzat.<\/p>\n<\/section>\n<section id=\"diagnostico\">\n<h2>Diagn\u00f2stic professional i proves habituals<\/h2>\n<p>El diagn\u00f2stic es basa en una combinaci\u00f3 d&#8217;exploraci\u00f3 cl\u00ednica i proves complement\u00e0ries:<\/p>\n<ul>\n<li><strong>Exploraci\u00f3 intraoral:<\/strong> valoraci\u00f3 d&#8217;oclusi\u00f3, espai i relaci\u00f3 dental.<\/li>\n<li><strong>Radiografies:<\/strong> ortopantomografia per veure peces impactades o supernumer\u00e0ries; periapical per detalls d&#8217;arrel i teixits periapicals.<\/li>\n<li><strong>Models o escaneig 3D:<\/strong> l&#8217;escaneig intraoral permet planificar moviments i preveure col\u00b7lisions entre dents.<\/li>\n<li><strong>Avaluaci\u00f3 funcional:<\/strong> an\u00e0lisi de la masticaci\u00f3, respiraci\u00f3 i h\u00e0bits orals.<\/li>\n<\/ul>\n<p>Amb aquestes dades l&#8217;equip decideix entre seguir, intervenir ortop\u00e8dicament, realitzar extraccions o cirurgia. La detecci\u00f3 preco\u00e7 facilita tractaments menys invasius.<\/p>\n<\/section>\n<section id=\"tratamientos\">\n<h2>Opcions de tractament: des de senzilles a complexes<\/h2>\n<p>Les solucions depenen de la causa i l&#8217;edat del pacient. Aqu\u00ed tens les opcions m\u00e9s habituals, explicades de forma pr\u00e0ctica:<\/p>\n<h3>1) Observaci\u00f3 i vigil\u00e0ncia<\/h3>\n<p>En casos lleus, especialment en nens en creixement, l&#8217;estrat\u00e8gia pot ser observar i controlar l&#8217;evoluci\u00f3. Aquesta opci\u00f3 inclou revisions peri\u00f2diques i radiografies per confirmar que la pe\u00e7a segueix un cam\u00ed de correcci\u00f3 natural.<\/p>\n<h3>2) Extracci\u00f3 de dents temporals retenides<\/h3>\n<p>Si una dent de llet impedeix l&#8217;erupci\u00f3 del definitiu, la seva extracci\u00f3 pot alliberar el cam\u00ed i permetre l&#8217;erupci\u00f3 espont\u00e0nia. Sol ser un procediment senzill.<\/p>\n<h3>3) Ortod\u00f2ncia interceptiva<\/h3>\n<p>A edats primerenques (6-10 anys) es poden usar aparells removibles o fixos per crear espai, guiar l&#8217;erupci\u00f3 o corregir h\u00e0bits. \u00c9s <em>menys invasiva<\/em> que l&#8217;ortod\u00f2ncia extensa i ofereix excel\u00b7lents resultats si s&#8217;aplica a temps.<\/p>\n<h3>4) Ortod\u00f2ncia correctiva (brackets o alineadors)<\/h3>\n<p>Quan les dents definitives ja han sortit malament, l&#8217;ortod\u00f2ncia cl\u00e0ssica o amb alineadors permet recol\u00b7locar-les. El pla pot incloure extraccions estrat\u00e8giques per crear espai o aparells auxiliars per controlar la mossegada.<\/p>\n<h3>5) Cirurgia i exposici\u00f3 de dents impactades<\/h3>\n<p>Les dents impactades (per exemple, canins superiors retenits) sovint requereixen cirurgia per exposar la dent i, posteriorment, anclar-la amb brackets per guiar-la al lloc correcte.<\/p>\n<h3>6) Tractaments restauradors<\/h3>\n<p>Quan la forma o posici\u00f3 de la dent afecta la funci\u00f3 o est\u00e8tica, es poden usar composite, fundes o reconstruccions per millorar l&#8217;aspecte mentre es planifica una soluci\u00f3 a llarg termini.<\/p>\n<h3>7) Implantes i pr\u00f2tesis<\/h3>\n<p>Si una pe\u00e7a definitiva no es pot salvar o no existeix per abs\u00e8ncia cong\u00e8nita, els implants dentals o ponts s\u00f3n opcions per restaurar la funci\u00f3 i est\u00e8tica en adults.<\/p>\n<p>A molts plans es combinen diverses t\u00e8cniques. La clau \u00e9s un diagn\u00f2stic preco\u00e7 i un tractament personalitzat per professionals.<\/p>\n<\/section>\n<section id=\"prevencion\">\n<h2>Prevenci\u00f3 i cura a llarg termini<\/h2>\n<p>Prevenir \u00e9s sempre la millor estrat\u00e8gia. Aquestes mesures redueixen la probabilitat que apareguin <strong>dents definitius que surten malament<\/strong>:<\/p>\n<ul>\n<li><strong>Revisions regulars des dels 6 anys:<\/strong> permeten detectar problemes d&#8217;espai i creixement dental a temps.<\/li>\n<li><strong>Control d&#8217;h\u00e0bits:<\/strong> limitar xumet i succi\u00f3 digital abans dels 3-4 anys per no alterar el desenvolupament de les arcades.<\/li>\n<li><strong>Higiene adequada:<\/strong> evitar c\u00e0ries en dentici\u00f3 temporal que puguin afectar la successi\u00f3.<\/li>\n<li><strong>Derivaci\u00f3 preco\u00e7 a ortodoncista:<\/strong> quan hi ha apinyament hereditari o discrep\u00e0ncies dentomaxil\u00b7lars.<\/li>\n<li><strong>Atenci\u00f3 davant traumatismes:<\/strong> acudir al dentista despr\u00e9s de cops per valorar possibles seq\u00fceles a les dents definitives.<\/li>\n<\/ul>\n<\/section>\n<section id=\"ejemplos\">\n<h2>Exemples pr\u00e0ctics i casos reals (resumits)<\/h2>\n<article aria-labelledby=\"caso1\">\n<h3 id=\"caso1\">Cas 1: Nen amb can\u00ed retingut<\/h3>\n<p>Situaci\u00f3: un can\u00ed superior permanent no erupciona i la dent temporal es mant\u00e9. Diagn\u00f2stic: can\u00ed palat\u00ed retingut per manca d&#8217;espai i una dent supernumer\u00e0ria. Actuaci\u00f3: extracci\u00f3 del supernumerari, extracci\u00f3 de la dent temporal retinguda i, despr\u00e9s d&#8217;uns mesos, cirurgia per exposici\u00f3 del can\u00ed + tracci\u00f3 ortod\u00f2ntica. Resultat: can\u00ed alineat a la seva posici\u00f3 despr\u00e9s de 9-12 mesos.<\/p>\n<\/article>\n<article aria-labelledby=\"caso2\">\n<h3 id=\"caso2\">Cas 2: Adolescente amb apinyament moderat<\/h3>\n<p>Situaci\u00f3: als 13 anys apareixen incisors tor\u00e7ats i apinyament en incisors inferiors. Diagn\u00f2stic: discrep\u00e0ncia lleu entre mida dental i arc. Actuaci\u00f3: ortod\u00f2ncia fixa de 18 mesos i, en aquest cas, extraccions menors no necess\u00e0ries. Resultat: mossegada funcional i est\u00e8tica millorada, manteniment amb retenci\u00f3 nocturna.<\/p>\n<\/article>\n<p>Aquests exemples mostren que la intervenci\u00f3 preco\u00e7 i el pla individualitzat s\u00f3n determinants per a l&#8217;\u00e8xit.<\/p>\n<\/section>\n<section id=\"faq\">\n<h2>Preguntes freq\u00fcents<\/h2>\n<details>\n<summary>Es poden corregir sense ortod\u00f2ncia les dents definitius que han sortit malament?<\/summary>\n<p>En casos lleus i en pacients joves \u00e9s possible que petites correccions es realitzin amb restauracions o tractament interceptiu. Tanmateix, en la majoria d&#8217;apinyaments moderats o malposicions l&#8217;ortod\u00f2ncia \u00e9s l&#8217;opci\u00f3 m\u00e9s previsible a llarg termini.<\/p>\n<\/details>\n<details>\n<summary>Quant de temps dura un tractament ortod\u00f2ntic per corregir la posici\u00f3?<\/summary>\n<p>Dep\u00e8n de la complexitat: des de 6-12 mesos per a moviments menors fins a 18-36 mesos en casos complets. La col\u00b7laboraci\u00f3 del pacient (higiene, \u00fas d&#8217;el\u00e0stics i mantenidors) influeix molt en la durada.<\/p>\n<\/details>\n<details>\n<summary>Hi ha riscos en extreure dents de llet per facilitar l&#8217;erupci\u00f3?<\/summary>\n<p>L&#8217;extracci\u00f3 oportuna de dents temporals retingudes \u00e9s generalment segura i afavoreix l&#8217;erupci\u00f3. Ha de realitzar-se sota criteri professional per evitar efectes adversos.<\/p>\n<\/details>\n<\/section>\n<section id=\"conclusion\">\n<h2>Conclusi\u00f3 i seg\u00fcent pas<\/h2>\n<p>Si observes <strong>dents definitius<\/strong> que surten malament, la regla d&#8217;or \u00e9s <strong>no esperar massa<\/strong>. Moltes solucions s\u00f3n menys invasives si s&#8217;apliquen a temps. Avalua la situaci\u00f3, realitza higiene acurada i demana una valoraci\u00f3 professional. Un diagn\u00f2stic preco\u00e7 permet plans m\u00e9s simples i predictibles.<\/p>\n<aside role=\"note\">\n<p><strong>Necessites una primera valoraci\u00f3?<\/strong> Pots sol\u00b7licitar una cita amb especialistes que valorin des de la detecci\u00f3 preco\u00e7 fins a la planificaci\u00f3 integral: <a href=\"https:\/\/pazsalvadordental.es\/ca\/\" title=\"dentistes Sant Joan Desp\u00ed\">dentistes Sant Joan Desp\u00ed<\/a>. Un equip expert t&#8217;acompanyar\u00e0 amb claredat sobre opcions, temps i costos aproximats.<\/p>\n<\/aside>\n<p>Recorda: un somriure funcional i est\u00e8tic \u00e9s possible amb un diagn\u00f2stic adequat i tractament personalitzat. Mantingues la cura i la vigil\u00e0ncia, i no dubtis a buscar una segona opini\u00f3 si ho consideres necessari.<\/p>\n<\/section>\n<footer>\n<p><small>Contingut redactat amb criteri cl\u00ednic i enfocat a oferir solucions pr\u00e0ctiques i comprensibles. Si tens dubtes espec\u00edfics sobre el teu cas, consulta amb un professional que pugui realitzar un examen i les proves oportunes.<\/small><\/p>\n<\/footer>\n","protected":false},"excerpt":{"rendered":"<p>Dents definitius: descobreix per qu\u00e8 surten malament i com corregir-ho r\u00e0pidament amb solucions reals. Guia pr\u00e0ctica i experta per recuperar el teu somriure.<\/p>\n","protected":false},"author":2,"featured_media":3899,"comment_status":"","ping_status":"closed","sticky":false,"template":"","format":"standard","meta":{"_uag_custom_page_level_css":"","_kad_blocks_custom_css":"","_kad_blocks_head_custom_js":"","_kad_blocks_body_custom_js":"","_kad_blocks_footer_custom_js":"","rank_math_title":"Dents definitius: el cam\u00ed cap a un somriure perfecte, qu\u00e8 fer si surten malament","rank_math_description":"Dents definitius: descobreix per qu\u00e8 surten malament i com corregir-ho r\u00e0pidament amb solucions reals. Guia pr\u00e0ctica i experta per recuperar el teu somriure.","site-sidebar-layout":"default","site-content-layout":"","ast-site-content-layout":"default","site-content-style":"default","site-sidebar-style":"default","ast-global-header-display":"","ast-banner-title-visibility":"","ast-main-header-display":"","ast-hfb-above-header-display":"","ast-hfb-below-header-display":"","ast-hfb-mobile-header-display":"","site-post-title":"","ast-breadcrumbs-content":"","ast-featured-img":"","footer-sml-layout":"","ast-disable-related-posts":"","theme-transparent-header-meta":"","adv-header-id-meta":"","stick-header-meta":"","header-above-stick-meta":"","header-main-stick-meta":"","header-below-stick-meta":"","astra-migrate-meta-layouts":"default","ast-page-background-enabled":"default","ast-page-background-meta":{"desktop":{"background-color":"","background-image":"","background-repeat":"repeat","background-position":"center center","background-size":"auto","background-attachment":"scroll","background-type":"","background-media":"","overlay-type":"","overlay-color":"","overlay-opacity":"","overlay-gradient":""},"tablet":{"background-color":"","background-image":"","background-repeat":"repeat","background-position":"center center","background-size":"auto","background-attachment":"scroll","background-type":"","background-media":"","overlay-type":"","overlay-color":"","overlay-opacity":"","overlay-gradient":""},"mobile":{"background-color":"","background-image":"","background-repeat":"repeat","background-position":"center center","background-size":"auto","background-attachment":"scroll","background-type":"","background-media":"","overlay-type":"","overlay-color":"","overlay-opacity":"","overlay-gradient":""}},"ast-content-background-meta":{"desktop":{"background-color":"var(--ast-global-color-5)","background-image":"","background-repeat":"repeat","background-position":"center center","background-size":"auto","background-attachment":"scroll","background-type":"","background-media":"","overlay-type":"","overlay-color":"","overlay-opacity":"","overlay-gradient":""},"tablet":{"background-color":"var(--ast-global-color-5)","background-image":"","background-repeat":"repeat","background-position":"center center","background-size":"auto","background-attachment":"scroll","background-type":"","background-media":"","overlay-type":"","overlay-color":"","overlay-opacity":"","overlay-gradient":""},"mobile":{"background-color":"var(--ast-global-color-5)","background-image":"","background-repeat":"repeat","background-position":"center center","background-size":"auto","background-attachment":"scroll","background-type":"","background-media":"","overlay-type":"","overlay-color":"","overlay-opacity":"","overlay-gradient":""}},"_joinchat":[],"footnotes":""},"categories":[12],"tags":[],"class_list":["post-3902","post","type-post","status-publish","format-standard","has-post-thumbnail","hentry","category-blog"],"taxonomy_info":{"category":[{"value":12,"label":"blog"}]},"featured_image_src_large":["https:\/\/pazsalvadordental.es\/wp-content\/uploads\/2026\/08\/dientes-definitivos-el-camino-hacia-una-sonrisa-perfecta-que-hacer-si-salen-mal.jpg",712,512,false],"author_info":{"display_name":"Paz","author_link":"https:\/\/pazsalvadordental.es\/ca\/author\/paz\/"},"comment_info":0,"category_info":[{"term_id":12,"name":"blog","slug":"blog","term_group":0,"term_taxonomy_id":12,"taxonomy":"category","description":"","parent":0,"count":167,"filter":"raw","cat_ID":12,"category_count":167,"category_description":"","cat_name":"blog","category_nicename":"blog","category_parent":0}],"tag_info":false,"uagb_featured_image_src":{"full":["https:\/\/pazsalvadordental.es\/wp-content\/uploads\/2026\/08\/dientes-definitivos-el-camino-hacia-una-sonrisa-perfecta-que-hacer-si-salen-mal.jpg",712,512,false],"thumbnail":["https:\/\/pazsalvadordental.es\/wp-content\/uploads\/2026\/08\/dientes-definitivos-el-camino-hacia-una-sonrisa-perfecta-que-hacer-si-salen-mal-150x150.jpg",150,150,true],"medium":["https:\/\/pazsalvadordental.es\/wp-content\/uploads\/2026\/08\/dientes-definitivos-el-camino-hacia-una-sonrisa-perfecta-que-hacer-si-salen-mal-300x216.jpg",300,216,true],"medium_large":["https:\/\/pazsalvadordental.es\/wp-content\/uploads\/2026\/08\/dientes-definitivos-el-camino-hacia-una-sonrisa-perfecta-que-hacer-si-salen-mal.jpg",712,512,false],"large":["https:\/\/pazsalvadordental.es\/wp-content\/uploads\/2026\/08\/dientes-definitivos-el-camino-hacia-una-sonrisa-perfecta-que-hacer-si-salen-mal.jpg",712,512,false],"1536x1536":["https:\/\/pazsalvadordental.es\/wp-content\/uploads\/2026\/08\/dientes-definitivos-el-camino-hacia-una-sonrisa-perfecta-que-hacer-si-salen-mal.jpg",712,512,false],"2048x2048":["https:\/\/pazsalvadordental.es\/wp-content\/uploads\/2026\/08\/dientes-definitivos-el-camino-hacia-una-sonrisa-perfecta-que-hacer-si-salen-mal.jpg",712,512,false]},"uagb_author_info":{"display_name":"Paz","author_link":"https:\/\/pazsalvadordental.es\/ca\/author\/paz\/"},"uagb_comment_info":0,"uagb_excerpt":"Dents definitius: descobreix per qu\u00e8 surten malament i com corregir-ho r\u00e0pidament amb solucions reals. Guia pr\u00e0ctica i experta per recuperar el teu somriure.","_links":{"self":[{"href":"https:\/\/pazsalvadordental.es\/ca\/wp-json\/wp\/v2\/posts\/3902","targetHints":{"allow":["GET"]}}],"collection":[{"href":"https:\/\/pazsalvadordental.es\/ca\/wp-json\/wp\/v2\/posts"}],"about":[{"href":"https:\/\/pazsalvadordental.es\/ca\/wp-json\/wp\/v2\/types\/post"}],"author":[{"embeddable":true,"href":"https:\/\/pazsalvadordental.es\/ca\/wp-json\/wp\/v2\/users\/2"}],"replies":[{"embeddable":true,"href":"https:\/\/pazsalvadordental.es\/ca\/wp-json\/wp\/v2\/comments?post=3902"}],"version-history":[{"count":0,"href":"https:\/\/pazsalvadordental.es\/ca\/wp-json\/wp\/v2\/posts\/3902\/revisions"}],"wp:featuredmedia":[{"embeddable":true,"href":"https:\/\/pazsalvadordental.es\/ca\/wp-json\/wp\/v2\/media\/3899"}],"wp:attachment":[{"href":"https:\/\/pazsalvadordental.es\/ca\/wp-json\/wp\/v2\/media?parent=3902"}],"wp:term":[{"taxonomy":"category","embeddable":true,"href":"https:\/\/pazsalvadordental.es\/ca\/wp-json\/wp\/v2\/categories?post=3902"},{"taxonomy":"post_tag","embeddable":true,"href":"https:\/\/pazsalvadordental.es\/ca\/wp-json\/wp\/v2\/tags?post=3902"}],"curies":[{"name":"wp","href":"https:\/\/api.w.org\/{rel}","templated":true}]}}